{"id":5229,"date":"2026-09-04T11:53:36","date_gmt":"2026-09-04T09:53:36","guid":{"rendered":"https:\/\/french-assurtech.com\/?p=5229"},"modified":"2026-09-04T12:00:29","modified_gmt":"2026-09-04T10:00:29","slug":"alexis-vertefeuille-le-innn-a-ete-le-point-de-depart-de-notre-developpement-en-france","status":"publish","type":"post","link":"https:\/\/french-assurtech.com\/en\/2026\/09\/04\/alexis-vertefeuille-le-innn-a-ete-le-point-de-depart-de-notre-developpement-en-france\/","title":{"rendered":"Alexis Vertefeuille : \u00ab\u00a0Le INNN a \u00e9t\u00e9 le point de d\u00e9part de notre d\u00e9veloppement en France\u00a0\u00bb"},"content":{"rendered":"<p class=\"wp-block-paragraph\"><strong>Interview r\u00e9alis\u00e9e par Alexandre Pengloan, journaliste &amp; cr\u00e9ateur de contenu<\/strong><\/p>\n\n\n\n<p class=\"wp-block-paragraph\">Il\u00a0y a un an, <a href=\"https:\/\/www.linkedin.com\/company\/sinistar\/\">Sinistar<\/a> faisait ses premiers pas sur le march\u00e9 fran\u00e7ais en choisissant le <a href=\"https:\/\/www.linkedin.com\/company\/salon-innn\/\">Salon INNN<\/a> comme rampe de lancement.<\/p>\n\n\n\n<p class=\"wp-block-paragraph\">Stand haut en couleurs et en saveurs, bonne humeur et sourires, intervention remarqu\u00e9e aux c\u00f4t\u00e9s de Cov\u00e9a\u2026 L&rsquo;insurtech qu\u00e9b\u00e9coise avait marqu\u00e9 les esprits avec une approche aussi originale que sa proposition de valeur autour du relogement temporaire.<\/p>\n\n\n\n<p class=\"wp-block-paragraph\">Un an plus tard, quel regard <a href=\"https:\/\/www.linkedin.com\/in\/alexis-vertefeuille-632806118\/\">Alexis Vertefeuille<\/a> porte-t-il sur cette premi\u00e8re participation ? Qu&rsquo;est-ce que le salon lui a r\u00e9ellement apport\u00e9 ? Et aura-t-on la chance de revoir Sinistar cette ann\u00e9e ?<\/p>\n\n\n\n<p class=\"wp-block-paragraph\">Je suis all\u00e9 raviver ces souvenirs avec un fondateur dont l&rsquo;enthousiasme est toujours aussi communicatif.<\/p>\n\n\n\n<p class=\"wp-block-paragraph\">\ud83d\udc49 <a href=\"https:\/\/innn.fr\/\">Retrouvez toutes les infos sur le Salon INNN 2026<\/a><\/p>\n\n\n\n<figure class=\"wp-block-image\"><img decoding=\"async\" src=\"https:\/\/media.licdn.com\/dms\/image\/v2\/D4E12AQFc0tBMwjsBHQ\/article-inline_image-shrink_1000_1488\/B4EZ7.zwoDKAAQ-\/0\/1782391442403?e=1790208000&amp;v=beta&amp;t=JvpHDuDU3VrruLU2hY5qg4Uh0mlEOMK7U0Bz4FwxxRs\" alt=\"Contenu de l\u2019article\"\/><\/figure>\n\n\n\n<h2 class=\"wp-block-heading\">L\u2019an dernier, Sinistar participait pour la premi\u00e8re fois au INNN comme sponsor. Qu\u2019est-ce qui vous a donn\u00e9 envie de faire ce pari sur le march\u00e9 fran\u00e7ais pour votre premi\u00e8re participation \u00e0 un \u00e9v\u00e9nement ?<\/h2>\n\n\n\n<p class=\"wp-block-paragraph\">Avant m\u00eame notre arriv\u00e9e en France, nous avions entendu parler du INNN comme d\u2019un rendez-vous incontournable pour les acteurs de l\u2019innovation en assurance IARD. Quand on \u00e9volue dans cet univers, c\u2019est clairement un \u00e9v\u00e9nement qui figure sur le radar.<\/p>\n\n\n\n<p class=\"wp-block-paragraph\">Depuis le Qu\u00e9bec, nous connaissions d\u00e9j\u00e0 la r\u00e9putation de Niort, v\u00e9ritable place forte de l\u2019assurance en France\u2026 et aussi celle des hu\u00eetres du coin !<\/p>\n\n\n\n<p class=\"wp-block-paragraph\">Nous avions identifi\u00e9 plusieurs \u00e9l\u00e9ments qui nous attiraient. D\u2019abord, le positionnement tr\u00e8s innovation du salon, qui correspond parfaitement \u00e0 l\u2019ADN de Sinistar. Ensuite, la qualit\u00e9 de l\u2019\u00e9cosyst\u00e8me pr\u00e9sent sur place, avec une forte repr\u00e9sentation des assureurs et des d\u00e9cideurs du march\u00e9.<\/p>\n\n\n\n<p class=\"wp-block-paragraph\">Nous nous sommes \u00e9galement reconnus dans les valeurs port\u00e9es par de nombreux acteurs de la r\u00e9gion. Chez Sinistar, nous croyons beaucoup \u00e0 la solidarit\u00e9, \u00e0 l\u2019entraide et \u00e0 l\u2019\u00e9conomie de partage. Ce sont des principes qui sont au c\u0153ur de notre mod\u00e8le depuis le premier jour.<\/p>\n\n\n\n<blockquote class=\"wp-block-quote is-layout-flow wp-block-quote-is-layout-flow\">\n<p class=\"wp-block-paragraph\">Au final, tout semblait align\u00e9 : le bon public, les bonnes valeurs et un \u00e9v\u00e9nement reconnu dans l\u2019\u00e9cosyst\u00e8me.<\/p>\n<\/blockquote>\n\n\n\n<p class=\"wp-block-paragraph\">Pour une entreprise qui faisait ses premiers pas sur le march\u00e9 fran\u00e7ais, INNN s\u2019est impos\u00e9 comme une \u00e9vidence.<\/p>\n\n\n\n<h2 class=\"wp-block-heading\">Vous \u00e9tiez pr\u00e9sents avec un stand mais aussi sur sc\u00e8ne aux c\u00f4t\u00e9s de Cov\u00e9a. Raconte-nous cette exp\u00e9rience.<\/h2>\n\n\n\n<p class=\"wp-block-paragraph\">Nous avons \u00e9t\u00e9 tr\u00e8s agr\u00e9ablement surpris par l\u2019accueil qui nous a \u00e9t\u00e9 r\u00e9serv\u00e9 !<\/p>\n\n\n\n<p class=\"wp-block-paragraph\">En Am\u00e9rique du Nord, nous participons \u00e0 de nombreux \u00e9v\u00e9nements chaque ann\u00e9e et l\u2019ambiance y est souvent tr\u00e8s orient\u00e9e business. Au INNN, nous avons d\u00e9couvert quelque chose de diff\u00e9rent : des \u00e9changes plus authentiques, plus directs et une vraie proximit\u00e9 avec les acteurs du march\u00e9.<\/p>\n\n\n\n<p class=\"wp-block-paragraph\">Nous avions d\u00e9cid\u00e9 de marquer le coup pour cette premi\u00e8re participation. Grand stand \u00e0 l\u2019entr\u00e9e, animations, sirop d\u2019\u00e9rable qu\u00e9b\u00e9cois\u2026 Nous voulions faire d\u00e9couvrir Sinistar mais aussi partager un peu de notre culture. Le r\u00e9sultat a d\u00e9pass\u00e9 nos attentes : pendant deux jours, le stand n\u2019a quasiment jamais d\u00e9sempli.<\/p>\n\n\n\n<p class=\"wp-block-paragraph\">L\u2019un des moments forts a \u00e9videmment \u00e9t\u00e9 notre intervention sur sc\u00e8ne aux c\u00f4t\u00e9s de Cov\u00e9a. Pour une entreprise qui arrivait tout juste sur le march\u00e9 fran\u00e7ais, pouvoir \u00e9changer avec un acteur de cette envergure devant l\u2019\u00e9cosyst\u00e8me \u00e9tait un signal tr\u00e8s fort.<\/p>\n\n\n\n<p class=\"wp-block-paragraph\">Au-del\u00e0 de la visibilit\u00e9, cela nous a surtout permis de confirmer que notre proposition de valeur r\u00e9pondait \u00e0 un v\u00e9ritable besoin.<\/p>\n\n\n\n<blockquote class=\"wp-block-quote is-layout-flow wp-block-quote-is-layout-flow\">\n<p class=\"wp-block-paragraph\">Les \u00e9changes ont \u00e9t\u00e9 nombreux, les questions tr\u00e8s concr\u00e8tes et, dans la foul\u00e9e, nous avons lanc\u00e9 notre premier POC avec Cov\u00e9a.<\/p>\n<\/blockquote>\n\n\n\n<p class=\"wp-block-paragraph\">Avec le recul, cette prise de parole a clairement contribu\u00e9 \u00e0 acc\u00e9l\u00e9rer notre d\u00e9veloppement en France.<\/p>\n\n\n\n<figure class=\"wp-block-image\"><img decoding=\"async\" src=\"https:\/\/media.licdn.com\/dms\/image\/v2\/D4E12AQGTiogLeSqdAQ\/article-inline_image-shrink_1000_1488\/B4EZ7.zrKAJMAM-\/0\/1782391419965?e=1790208000&amp;v=beta&amp;t=FBCTgB7WsjrcBRnlBzUdwHJo0EFR2jgwrPwX6qc9n8g\" alt=\"Contenu de l\u2019article\"\/><\/figure>\n\n\n\n<h2 class=\"wp-block-heading\">Y a-t-il une anecdote, une rencontre ou un moment marquant du INNN qui t&rsquo;est rest\u00e9 en t\u00eate ?<\/h2>\n\n\n\n<p class=\"wp-block-paragraph\">Oui, sans h\u00e9siter : la visite du maire de Niort sur notre stand.<\/p>\n\n\n\n<p class=\"wp-block-paragraph\">Nous avons eu l&rsquo;occasion d&rsquo;\u00e9changer ensemble et de prendre une photo. Pour une entreprise qu\u00e9b\u00e9coise qui faisait ses premiers pas en France, c&rsquo;\u00e9tait un moment \u00e0 la fois inattendu et symbolique.<\/p>\n\n\n\n<p class=\"wp-block-paragraph\">Mais ce dont je me souviens surtout, c&rsquo;est de l&rsquo;\u00e9nergie qui r\u00e9gnait pendant les deux jours du salon. Il y avait une v\u00e9ritable effervescence, avec des \u00e9changes permanents entre assureurs, startups, partenaires et d\u00e9cideurs.<\/p>\n\n\n\n<p class=\"wp-block-paragraph\">J&rsquo;ai retrouv\u00e9 des similitudes avec notre culture nord-am\u00e9ricaine : aller \u00e0 la rencontre des gens, cr\u00e9er du lien, \u00e9changer de vive voix. La confiance se construit souvent de cette mani\u00e8re, et le business suit ensuite.<\/p>\n\n\n\n<p class=\"wp-block-paragraph\">C&rsquo;est justement ce que nous avons retrouv\u00e9 au INNN.<\/p>\n\n\n\n<blockquote class=\"wp-block-quote is-layout-flow wp-block-quote-is-layout-flow\">\n<p class=\"wp-block-paragraph\">Au-del\u00e0 du salon lui-m\u00eame, nous avons d\u00e9couvert un lieu o\u00f9 les conversations se nouent facilement et o\u00f9 l&rsquo;on acc\u00e8de directement aux d\u00e9cideurs du march\u00e9.<\/p>\n<\/blockquote>\n\n\n\n<p class=\"wp-block-paragraph\">Pour une entreprise en phase de d\u00e9veloppement, c&rsquo;est extr\u00eamement pr\u00e9cieux.<\/p>\n\n\n\n<h2 class=\"wp-block-heading\">Avec le recul, qu&rsquo;est-ce que cette participation vous a r\u00e9ellement apport\u00e9 ?<\/h2>\n\n\n\n<p class=\"wp-block-paragraph\">La premi\u00e8re chose, c&rsquo;est qu&rsquo;elle nous a permis de faire conna\u00eetre Sinistar aupr\u00e8s de l&rsquo;\u00e9cosyst\u00e8me fran\u00e7ais. Quand vous arrivez sur un nouveau march\u00e9, il faut cr\u00e9er de la confiance, mettre des visages sur un nom et commencer \u00e0 construire des relations.<\/p>\n\n\n\n<p class=\"wp-block-paragraph\">Cela para\u00eet peut-\u00eatre \u00e9vident, mais c&rsquo;est une \u00e9tape qu&rsquo;il ne faut absolument pas sous-estim\u00e9e. Le INNN nous a offert cette opportunit\u00e9.<\/p>\n\n\n\n<p class=\"wp-block-paragraph\">Nous \u00e9tions venus avec une vraie ambition et nous avions pr\u00e9par\u00e9 l&rsquo;\u00e9v\u00e9nement en cons\u00e9quence. Cela nous a permis de prendre le pouls du march\u00e9, de mieux comprendre les attentes des assureurs fran\u00e7ais et de confronter notre proposition de valeur \u00e0 la r\u00e9alit\u00e9 du terrain.<\/p>\n\n\n\n<p class=\"wp-block-paragraph\">Mais surtout, cette visibilit\u00e9 s&rsquo;est rapidement transform\u00e9e en opportunit\u00e9s concr\u00e8tes. Nous avons nou\u00e9 des contacts importants, engag\u00e9 des discussions avec plusieurs acteurs du march\u00e9 et lanc\u00e9 nos premiers POC en France.<\/p>\n\n\n\n<p class=\"wp-block-paragraph\">Avec le recul, le INNN n&rsquo;a pas seulement \u00e9t\u00e9 un salon pour nous, il a constitu\u00e9 l&rsquo;un des points de d\u00e9part de notre d\u00e9veloppement op\u00e9rationnel sur le march\u00e9 fran\u00e7ais.<\/p>\n\n\n\n<figure class=\"wp-block-embed is-type-video is-provider-youtube wp-block-embed-youtube wp-embed-aspect-16-9 wp-has-aspect-ratio\"><div class=\"wp-block-embed__wrapper\">\n<iframe title=\"Sinistar INNN 2025\" width=\"800\" height=\"450\" src=\"https:\/\/www.youtube.com\/embed\/hza71TCHSo4?list=PLDLbC2YdTJjSSVCEHz280N6AmDNFxQ76Z\" frameborder=\"0\" allow=\"accelerometer; autoplay; clipboard-write; encrypted-media; gyroscope; picture-in-picture; web-share\" referrerpolicy=\"strict-origin-when-cross-origin\" allowfullscreen><\/iframe>\n<\/div><\/figure>\n\n\n\n<h2 class=\"wp-block-heading\">Si une startup ou un acteur innovant h\u00e9sitait aujourd\u2019hui \u00e0 participer au INNN, quel retour d\u2019exp\u00e9rience lui partagerais-tu ?<\/h2>\n\n\n\n<p class=\"wp-block-paragraph\">Je lui dirais d&rsquo;abord de bien pr\u00e9parer l&rsquo;\u00e9v\u00e9nement. Un salon ne se r\u00e9sume pas \u00e0 r\u00e9server un stand et attendre que les visiteurs arrivent. Il faut savoir pourquoi on vient, qui l&rsquo;on veut rencontrer et ce que l&rsquo;on souhaite accomplir.<\/p>\n\n\n\n<blockquote class=\"wp-block-quote is-layout-flow wp-block-quote-is-layout-flow\">\n<p class=\"wp-block-paragraph\">Ensuite, je lui conseillerais de venir avec l&rsquo;envie de cr\u00e9er des liens avant de chercher \u00e0 vendre.<\/p>\n<\/blockquote>\n\n\n\n<p class=\"wp-block-paragraph\">Les meilleures conversations que nous avons eues n&rsquo;ont souvent pas commenc\u00e9 par une d\u00e9monstration produit ou un argumentaire commercial. Elles ont commenc\u00e9 par une histoire, une rencontre, un sourire ou une photo.<\/p>\n\n\n\n<p class=\"wp-block-paragraph\">Les gens viennent sur un salon pour d\u00e9couvrir des solutions, bien s\u00fbr, mais aussi pour rencontrer des personnes. Ils veulent comprendre qui vous \u00eates, ce qui vous anime et pourquoi vous faites ce que vous faites.<\/p>\n\n\n\n<p class=\"wp-block-paragraph\">Si vous arrivez avec cet \u00e9tat d&rsquo;esprit, le INNN peut devenir bien plus qu&rsquo;un simple \u00e9v\u00e9nement. Vous repartirez avec des contacts, des id\u00e9es, des opportunit\u00e9s et parfois m\u00eame des relations qui continueront \u00e0 porter leurs fruits bien apr\u00e8s la fermeture des portes du salon.<\/p>\n\n\n\n<h2 class=\"wp-block-heading\">Derni\u00e8re question : aura-t-on le plaisir de vous revoir cette ann\u00e9e ?<\/h2>\n\n\n\n<p class=\"wp-block-paragraph\">Oui, bien s\u00fbr, nous repartons pour un tour.<\/p>\n\n\n\n<p class=\"wp-block-paragraph\">Avec l&rsquo;ambition de consolider ce que l&rsquo;on a commenc\u00e9 \u00e0 construire lors de notre premi\u00e8re participation, et de vous surprendre une fois de plus !<\/p>","protected":false},"excerpt":{"rendered":"<p>D\u00e9couvrez cette Interview exclusive r\u00e9alis\u00e9e par Alexandre Pengloan, journaliste &#038; cr\u00e9ateur de contenu<\/p>\n<p>Il\u00a0y a un an, Sinistar faisait ses premiers pas sur le march\u00e9 fran\u00e7ais en choisissant le Salon INNN comme rampe de lancement.<\/p>","protected":false},"author":8,"featured_media":5232,"comment_status":"closed","ping_status":"closed","sticky":false,"template":"","format":"standard","meta":{"footnotes":""},"categories":[1],"tags":[],"class_list":["post-5229","post","type-post","status-publish","format-standard","has-post-thumbnail","hentry","category-non-classe"],"yoast_head":"<!-- This site is optimized with the Yoast SEO plugin v28.2 - https:\/\/yoast.com\/product\/yoast-seo-wordpress\/ -->\n<title>Alexis Vertefeuille : &quot;Le INNN a \u00e9t\u00e9 le point de d\u00e9part de notre d\u00e9veloppement en France&quot; - French Assurtech<\/title>\n<meta name=\"description\" content=\"French Assurtech f\u00e9d\u00e8re huit leaders des mutuelles d\u2019assurance pour soutenir le d\u00e9veloppement de Startups et red\u00e9finir l\u2019assurance de demain.\" \/>\n<meta name=\"robots\" content=\"index, follow, max-snippet:-1, max-image-preview:large, max-video-preview:-1\" \/>\n<link rel=\"canonical\" href=\"https:\/\/french-assurtech.com\/en\/2026\/09\/04\/alexis-vertefeuille-le-innn-a-ete-le-point-de-depart-de-notre-developpement-en-france\/\" \/>\n<meta property=\"og:locale\" content=\"en_GB\" \/>\n<meta property=\"og:type\" content=\"article\" \/>\n<meta property=\"og:title\" content=\"Alexis Vertefeuille : &quot;Le INNN a \u00e9t\u00e9 le point de d\u00e9part de notre d\u00e9veloppement en France&quot; - French Assurtech\" \/>\n<meta property=\"og:description\" content=\"French Assurtech f\u00e9d\u00e8re huit leaders des mutuelles d\u2019assurance pour soutenir le d\u00e9veloppement de Startups et red\u00e9finir l\u2019assurance de demain.\" \/>\n<meta property=\"og:url\" content=\"https:\/\/french-assurtech.com\/en\/2026\/09\/04\/alexis-vertefeuille-le-innn-a-ete-le-point-de-depart-de-notre-developpement-en-france\/\" \/>\n<meta property=\"og:site_name\" content=\"French Assurtech\" \/>\n<meta property=\"article:published_time\" content=\"2026-09-04T09:53:36+00:00\" \/>\n<meta property=\"article:modified_time\" content=\"2026-09-04T10:00:29+00:00\" \/>\n<meta property=\"og:image\" content=\"https:\/\/french-assurtech.com\/wp-content\/uploads\/2026\/09\/sinistar2.png\" \/>\n\t<meta property=\"og:image:width\" content=\"460\" \/>\n\t<meta property=\"og:image:height\" content=\"270\" \/>\n\t<meta property=\"og:image:type\" content=\"image\/png\" \/>\n<meta name=\"author\" content=\"Marie Ragueneau\" \/>\n<meta name=\"twitter:card\" content=\"summary_large_image\" \/>\n<meta name=\"twitter:label1\" content=\"Written by\" \/>\n\t<meta name=\"twitter:data1\" content=\"Marie Ragueneau\" \/>\n\t<meta name=\"twitter:label2\" content=\"Est. reading time\" \/>\n\t<meta name=\"twitter:data2\" content=\"7 minutes\" \/>\n<script type=\"application\/ld+json\" class=\"yoast-schema-graph\">{\"@context\":\"https:\\\/\\\/schema.org\",\"@graph\":[{\"@type\":\"Article\",\"@id\":\"https:\\\/\\\/french-assurtech.com\\\/2026\\\/09\\\/04\\\/alexis-vertefeuille-le-innn-a-ete-le-point-de-depart-de-notre-developpement-en-france\\\/#article\",\"isPartOf\":{\"@id\":\"https:\\\/\\\/french-assurtech.com\\\/2026\\\/09\\\/04\\\/alexis-vertefeuille-le-innn-a-ete-le-point-de-depart-de-notre-developpement-en-france\\\/\"},\"author\":{\"name\":\"Marie Ragueneau\",\"@id\":\"https:\\\/\\\/french-assurtech.com\\\/#\\\/schema\\\/person\\\/d8976ef33e62d2e66cd318d3a3ddb949\"},\"headline\":\"Alexis Vertefeuille : \u00ab\u00a0Le INNN a \u00e9t\u00e9 le point de d\u00e9part de notre d\u00e9veloppement en France\u00a0\u00bb\",\"datePublished\":\"2026-09-04T09:53:36+00:00\",\"dateModified\":\"2026-09-04T10:00:29+00:00\",\"mainEntityOfPage\":{\"@id\":\"https:\\\/\\\/french-assurtech.com\\\/2026\\\/09\\\/04\\\/alexis-vertefeuille-le-innn-a-ete-le-point-de-depart-de-notre-developpement-en-france\\\/\"},\"wordCount\":1344,\"image\":{\"@id\":\"https:\\\/\\\/french-assurtech.com\\\/2026\\\/09\\\/04\\\/alexis-vertefeuille-le-innn-a-ete-le-point-de-depart-de-notre-developpement-en-france\\\/#primaryimage\"},\"thumbnailUrl\":\"https:\\\/\\\/french-assurtech.com\\\/wp-content\\\/uploads\\\/2026\\\/09\\\/sinistar2.png\",\"articleSection\":[\"Non class\u00e9\"],\"inLanguage\":\"en-GB\"},{\"@type\":\"WebPage\",\"@id\":\"https:\\\/\\\/french-assurtech.com\\\/2026\\\/09\\\/04\\\/alexis-vertefeuille-le-innn-a-ete-le-point-de-depart-de-notre-developpement-en-france\\\/\",\"url\":\"https:\\\/\\\/french-assurtech.com\\\/2026\\\/09\\\/04\\\/alexis-vertefeuille-le-innn-a-ete-le-point-de-depart-de-notre-developpement-en-france\\\/\",\"name\":\"Alexis Vertefeuille : \\\"Le INNN a \u00e9t\u00e9 le point de d\u00e9part de notre d\u00e9veloppement en France\\\" - French Assurtech\",\"isPartOf\":{\"@id\":\"https:\\\/\\\/french-assurtech.com\\\/#website\"},\"primaryImageOfPage\":{\"@id\":\"https:\\\/\\\/french-assurtech.com\\\/2026\\\/09\\\/04\\\/alexis-vertefeuille-le-innn-a-ete-le-point-de-depart-de-notre-developpement-en-france\\\/#primaryimage\"},\"image\":{\"@id\":\"https:\\\/\\\/french-assurtech.com\\\/2026\\\/09\\\/04\\\/alexis-vertefeuille-le-innn-a-ete-le-point-de-depart-de-notre-developpement-en-france\\\/#primaryimage\"},\"thumbnailUrl\":\"https:\\\/\\\/french-assurtech.com\\\/wp-content\\\/uploads\\\/2026\\\/09\\\/sinistar2.png\",\"datePublished\":\"2026-09-04T09:53:36+00:00\",\"dateModified\":\"2026-09-04T10:00:29+00:00\",\"author\":{\"@id\":\"https:\\\/\\\/french-assurtech.com\\\/#\\\/schema\\\/person\\\/d8976ef33e62d2e66cd318d3a3ddb949\"},\"description\":\"French Assurtech f\u00e9d\u00e8re huit leaders des mutuelles d\u2019assurance pour soutenir le d\u00e9veloppement de Startups et red\u00e9finir l\u2019assurance de demain.\",\"breadcrumb\":{\"@id\":\"https:\\\/\\\/french-assurtech.com\\\/2026\\\/09\\\/04\\\/alexis-vertefeuille-le-innn-a-ete-le-point-de-depart-de-notre-developpement-en-france\\\/#breadcrumb\"},\"inLanguage\":\"en-GB\",\"potentialAction\":[{\"@type\":\"ReadAction\",\"target\":[\"https:\\\/\\\/french-assurtech.com\\\/2026\\\/09\\\/04\\\/alexis-vertefeuille-le-innn-a-ete-le-point-de-depart-de-notre-developpement-en-france\\\/\"]}]},{\"@type\":\"ImageObject\",\"inLanguage\":\"en-GB\",\"@id\":\"https:\\\/\\\/french-assurtech.com\\\/2026\\\/09\\\/04\\\/alexis-vertefeuille-le-innn-a-ete-le-point-de-depart-de-notre-developpement-en-france\\\/#primaryimage\",\"url\":\"https:\\\/\\\/french-assurtech.com\\\/wp-content\\\/uploads\\\/2026\\\/09\\\/sinistar2.png\",\"contentUrl\":\"https:\\\/\\\/french-assurtech.com\\\/wp-content\\\/uploads\\\/2026\\\/09\\\/sinistar2.png\",\"width\":460,\"height\":270},{\"@type\":\"BreadcrumbList\",\"@id\":\"https:\\\/\\\/french-assurtech.com\\\/2026\\\/09\\\/04\\\/alexis-vertefeuille-le-innn-a-ete-le-point-de-depart-de-notre-developpement-en-france\\\/#breadcrumb\",\"itemListElement\":[{\"@type\":\"ListItem\",\"position\":1,\"name\":\"Home\",\"item\":\"https:\\\/\\\/french-assurtech.com\\\/\"},{\"@type\":\"ListItem\",\"position\":2,\"name\":\"Alexis Vertefeuille : \u00ab\u00a0Le INNN a \u00e9t\u00e9 le point de d\u00e9part de notre d\u00e9veloppement en France\u00a0\u00bb\"}]},{\"@type\":\"WebSite\",\"@id\":\"https:\\\/\\\/french-assurtech.com\\\/#website\",\"url\":\"https:\\\/\\\/french-assurtech.com\\\/\",\"name\":\"French Assurtech\",\"description\":\"L&#039;acc\u00e9l\u00e9rateur de l&#039;Assurtech\",\"potentialAction\":[{\"@type\":\"SearchAction\",\"target\":{\"@type\":\"EntryPoint\",\"urlTemplate\":\"https:\\\/\\\/french-assurtech.com\\\/?s={search_term_string}\"},\"query-input\":{\"@type\":\"PropertyValueSpecification\",\"valueRequired\":true,\"valueName\":\"search_term_string\"}}],\"inLanguage\":\"en-GB\"},{\"@type\":\"Person\",\"@id\":\"https:\\\/\\\/french-assurtech.com\\\/#\\\/schema\\\/person\\\/d8976ef33e62d2e66cd318d3a3ddb949\",\"name\":\"Marie Ragueneau\",\"image\":{\"@type\":\"ImageObject\",\"inLanguage\":\"en-GB\",\"@id\":\"https:\\\/\\\/secure.gravatar.com\\\/avatar\\\/e3082a124f4acc52185ccbe104cccad141f4e5cfd3c0fd2fa3b24da642fcfadd?s=96&d=mm&r=g\",\"url\":\"https:\\\/\\\/secure.gravatar.com\\\/avatar\\\/e3082a124f4acc52185ccbe104cccad141f4e5cfd3c0fd2fa3b24da642fcfadd?s=96&d=mm&r=g\",\"contentUrl\":\"https:\\\/\\\/secure.gravatar.com\\\/avatar\\\/e3082a124f4acc52185ccbe104cccad141f4e5cfd3c0fd2fa3b24da642fcfadd?s=96&d=mm&r=g\",\"caption\":\"Marie Ragueneau\"}}]}<\/script>\n<!-- \/ Yoast SEO plugin. -->","yoast_head_json":{"title":"Alexis Vertefeuille : \"Le INNN a \u00e9t\u00e9 le point de d\u00e9part de notre d\u00e9veloppement en France\" - French Assurtech","description":"French Assurtech f\u00e9d\u00e8re huit leaders des mutuelles d\u2019assurance pour soutenir le d\u00e9veloppement de Startups et red\u00e9finir l\u2019assurance de demain.","robots":{"index":"index","follow":"follow","max-snippet":"max-snippet:-1","max-image-preview":"max-image-preview:large","max-video-preview":"max-video-preview:-1"},"canonical":"https:\/\/french-assurtech.com\/en\/2026\/09\/04\/alexis-vertefeuille-le-innn-a-ete-le-point-de-depart-de-notre-developpement-en-france\/","og_locale":"en_GB","og_type":"article","og_title":"Alexis Vertefeuille : \"Le INNN a \u00e9t\u00e9 le point de d\u00e9part de notre d\u00e9veloppement en France\" - French Assurtech","og_description":"French Assurtech f\u00e9d\u00e8re huit leaders des mutuelles d\u2019assurance pour soutenir le d\u00e9veloppement de Startups et red\u00e9finir l\u2019assurance de demain.","og_url":"https:\/\/french-assurtech.com\/en\/2026\/09\/04\/alexis-vertefeuille-le-innn-a-ete-le-point-de-depart-de-notre-developpement-en-france\/","og_site_name":"French Assurtech","article_published_time":"2026-09-04T09:53:36+00:00","article_modified_time":"2026-09-04T10:00:29+00:00","og_image":[{"width":460,"height":270,"url":"https:\/\/french-assurtech.com\/wp-content\/uploads\/2026\/09\/sinistar2.png","type":"image\/png"}],"author":"Marie Ragueneau","twitter_card":"summary_large_image","twitter_misc":{"Written by":"Marie Ragueneau","Est. reading time":"7 minutes"},"schema":{"@context":"https:\/\/schema.org","@graph":[{"@type":"Article","@id":"https:\/\/french-assurtech.com\/2026\/09\/04\/alexis-vertefeuille-le-innn-a-ete-le-point-de-depart-de-notre-developpement-en-france\/#article","isPartOf":{"@id":"https:\/\/french-assurtech.com\/2026\/09\/04\/alexis-vertefeuille-le-innn-a-ete-le-point-de-depart-de-notre-developpement-en-france\/"},"author":{"name":"Marie Ragueneau","@id":"https:\/\/french-assurtech.com\/#\/schema\/person\/d8976ef33e62d2e66cd318d3a3ddb949"},"headline":"Alexis Vertefeuille : \u00ab\u00a0Le INNN a \u00e9t\u00e9 le point de d\u00e9part de notre d\u00e9veloppement en France\u00a0\u00bb","datePublished":"2026-09-04T09:53:36+00:00","dateModified":"2026-09-04T10:00:29+00:00","mainEntityOfPage":{"@id":"https:\/\/french-assurtech.com\/2026\/09\/04\/alexis-vertefeuille-le-innn-a-ete-le-point-de-depart-de-notre-developpement-en-france\/"},"wordCount":1344,"image":{"@id":"https:\/\/french-assurtech.com\/2026\/09\/04\/alexis-vertefeuille-le-innn-a-ete-le-point-de-depart-de-notre-developpement-en-france\/#primaryimage"},"thumbnailUrl":"https:\/\/french-assurtech.com\/wp-content\/uploads\/2026\/09\/sinistar2.png","articleSection":["Non class\u00e9"],"inLanguage":"en-GB"},{"@type":"WebPage","@id":"https:\/\/french-assurtech.com\/2026\/09\/04\/alexis-vertefeuille-le-innn-a-ete-le-point-de-depart-de-notre-developpement-en-france\/","url":"https:\/\/french-assurtech.com\/2026\/09\/04\/alexis-vertefeuille-le-innn-a-ete-le-point-de-depart-de-notre-developpement-en-france\/","name":"Alexis Vertefeuille : \"Le INNN a \u00e9t\u00e9 le point de d\u00e9part de notre d\u00e9veloppement en France\" - French Assurtech","isPartOf":{"@id":"https:\/\/french-assurtech.com\/#website"},"primaryImageOfPage":{"@id":"https:\/\/french-assurtech.com\/2026\/09\/04\/alexis-vertefeuille-le-innn-a-ete-le-point-de-depart-de-notre-developpement-en-france\/#primaryimage"},"image":{"@id":"https:\/\/french-assurtech.com\/2026\/09\/04\/alexis-vertefeuille-le-innn-a-ete-le-point-de-depart-de-notre-developpement-en-france\/#primaryimage"},"thumbnailUrl":"https:\/\/french-assurtech.com\/wp-content\/uploads\/2026\/09\/sinistar2.png","datePublished":"2026-09-04T09:53:36+00:00","dateModified":"2026-09-04T10:00:29+00:00","author":{"@id":"https:\/\/french-assurtech.com\/#\/schema\/person\/d8976ef33e62d2e66cd318d3a3ddb949"},"description":"French Assurtech f\u00e9d\u00e8re huit leaders des mutuelles d\u2019assurance pour soutenir le d\u00e9veloppement de Startups et red\u00e9finir l\u2019assurance de demain.","breadcrumb":{"@id":"https:\/\/french-assurtech.com\/2026\/09\/04\/alexis-vertefeuille-le-innn-a-ete-le-point-de-depart-de-notre-developpement-en-france\/#breadcrumb"},"inLanguage":"en-GB","potentialAction":[{"@type":"ReadAction","target":["https:\/\/french-assurtech.com\/2026\/09\/04\/alexis-vertefeuille-le-innn-a-ete-le-point-de-depart-de-notre-developpement-en-france\/"]}]},{"@type":"ImageObject","inLanguage":"en-GB","@id":"https:\/\/french-assurtech.com\/2026\/09\/04\/alexis-vertefeuille-le-innn-a-ete-le-point-de-depart-de-notre-developpement-en-france\/#primaryimage","url":"https:\/\/french-assurtech.com\/wp-content\/uploads\/2026\/09\/sinistar2.png","contentUrl":"https:\/\/french-assurtech.com\/wp-content\/uploads\/2026\/09\/sinistar2.png","width":460,"height":270},{"@type":"BreadcrumbList","@id":"https:\/\/french-assurtech.com\/2026\/09\/04\/alexis-vertefeuille-le-innn-a-ete-le-point-de-depart-de-notre-developpement-en-france\/#breadcrumb","itemListElement":[{"@type":"ListItem","position":1,"name":"Home","item":"https:\/\/french-assurtech.com\/"},{"@type":"ListItem","position":2,"name":"Alexis Vertefeuille : \u00ab\u00a0Le INNN a \u00e9t\u00e9 le point de d\u00e9part de notre d\u00e9veloppement en France\u00a0\u00bb"}]},{"@type":"WebSite","@id":"https:\/\/french-assurtech.com\/#website","url":"https:\/\/french-assurtech.com\/","name":"French Assurtech","description":"L&#039;acc\u00e9l\u00e9rateur de l&#039;Assurtech","potentialAction":[{"@type":"SearchAction","target":{"@type":"EntryPoint","urlTemplate":"https:\/\/french-assurtech.com\/?s={search_term_string}"},"query-input":{"@type":"PropertyValueSpecification","valueRequired":true,"valueName":"search_term_string"}}],"inLanguage":"en-GB"},{"@type":"Person","@id":"https:\/\/french-assurtech.com\/#\/schema\/person\/d8976ef33e62d2e66cd318d3a3ddb949","name":"Marie Ragueneau","image":{"@type":"ImageObject","inLanguage":"en-GB","@id":"https:\/\/secure.gravatar.com\/avatar\/e3082a124f4acc52185ccbe104cccad141f4e5cfd3c0fd2fa3b24da642fcfadd?s=96&d=mm&r=g","url":"https:\/\/secure.gravatar.com\/avatar\/e3082a124f4acc52185ccbe104cccad141f4e5cfd3c0fd2fa3b24da642fcfadd?s=96&d=mm&r=g","contentUrl":"https:\/\/secure.gravatar.com\/avatar\/e3082a124f4acc52185ccbe104cccad141f4e5cfd3c0fd2fa3b24da642fcfadd?s=96&d=mm&r=g","caption":"Marie Ragueneau"}}]}},"_links":{"self":[{"href":"https:\/\/french-assurtech.com\/en\/wp-json\/wp\/v2\/posts\/5229","targetHints":{"allow":["GET"]}}],"collection":[{"href":"https:\/\/french-assurtech.com\/en\/wp-json\/wp\/v2\/posts"}],"about":[{"href":"https:\/\/french-assurtech.com\/en\/wp-json\/wp\/v2\/types\/post"}],"author":[{"embeddable":true,"href":"https:\/\/french-assurtech.com\/en\/wp-json\/wp\/v2\/users\/8"}],"replies":[{"embeddable":true,"href":"https:\/\/french-assurtech.com\/en\/wp-json\/wp\/v2\/comments?post=5229"}],"version-history":[{"count":2,"href":"https:\/\/french-assurtech.com\/en\/wp-json\/wp\/v2\/posts\/5229\/revisions"}],"predecessor-version":[{"id":5233,"href":"https:\/\/french-assurtech.com\/en\/wp-json\/wp\/v2\/posts\/5229\/revisions\/5233"}],"wp:featuredmedia":[{"embeddable":true,"href":"https:\/\/french-assurtech.com\/en\/wp-json\/wp\/v2\/media\/5232"}],"wp:attachment":[{"href":"https:\/\/french-assurtech.com\/en\/wp-json\/wp\/v2\/media?parent=5229"}],"wp:term":[{"taxonomy":"category","embeddable":true,"href":"https:\/\/french-assurtech.com\/en\/wp-json\/wp\/v2\/categories?post=5229"},{"taxonomy":"post_tag","embeddable":true,"href":"https:\/\/french-assurtech.com\/en\/wp-json\/wp\/v2\/tags?post=5229"}],"curies":[{"name":"wp","href":"https:\/\/api.w.org\/{rel}","templated":true}]}}